{"id":1609,"date":"2021-05-20T21:29:30","date_gmt":"2021-04-06T14:43:15","guid":{"rendered":"http:\/\/transeuropa-festival.de\/2021\/interview-digitalitaet-2\/"},"modified":"2021-05-22T10:19:57","modified_gmt":"2021-05-22T08:19:57","slug":"workshop-social-period","status":"publish","type":"post","link":"https:\/\/transeuropa-festival.de\/2021\/workshop-social-period\/","title":{"rendered":"WORKSHOP: Social Period"},"content":{"rendered":"","protected":false},"excerpt":{"rendered":"","protected":false},"author":1,"featured_media":1466,"comment_status":"closed","ping_status":"closed","sticky":false,"template":"","format":"standard","meta":{"footnotes":""},"categories":[63,32,59],"tags":[359],"yoast_head":"<!-- This site is optimized with the Yoast SEO plugin v21.9.1 - https:\/\/yoast.com\/wordpress\/plugins\/seo\/ -->\n<title>WORKSHOP: Social Period &#187; transeuropa [X]<\/title>\n<meta name=\"description\" content=\"WORKSHOP: Social Period\" \/>\n<meta name=\"robots\" content=\"index, follow, max-snippet:-1, max-image-preview:large, max-video-preview:-1\" \/>\n<link rel=\"canonical\" href=\"https:\/\/transeuropa-festival.de\/2021\/workshop-social-period\/\" \/>\n<meta property=\"og:locale\" content=\"de_DE\" \/>\n<meta property=\"og:type\" content=\"article\" \/>\n<meta property=\"og:title\" content=\"WORKSHOP: Social Period &#187; transeuropa [X]\" \/>\n<meta property=\"og:description\" content=\"WORKSHOP: Social Period\" \/>\n<meta property=\"og:url\" content=\"https:\/\/transeuropa-festival.de\/2021\/workshop-social-period\/\" \/>\n<meta property=\"og:site_name\" content=\"transeuropa [X]\" \/>\n<meta property=\"article:publisher\" content=\"https:\/\/www.facebook.com\/transeuropahildesheim\/\" \/>\n<meta property=\"article:published_time\" content=\"2021-04-06T14:43:15+00:00\" \/>\n<meta property=\"article:modified_time\" content=\"2021-05-22T08:19:57+00:00\" \/>\n<meta property=\"og:image\" content=\"https:\/\/transeuropa-festival.de\/2021\/wp-content\/uploads\/2021\/05\/xtra-thumbnail_c.jpg\" \/>\n\t<meta property=\"og:image:width\" content=\"1280\" \/>\n\t<meta property=\"og:image:height\" content=\"1280\" \/>\n\t<meta property=\"og:image:type\" content=\"image\/jpeg\" \/>\n<meta name=\"author\" content=\"337136-design\" \/>\n<meta name=\"twitter:card\" content=\"summary_large_image\" \/>\n<meta name=\"twitter:label1\" content=\"Verfasst von\" \/>\n\t<meta name=\"twitter:data1\" content=\"337136-design\" \/>\n<script type=\"application\/ld+json\" class=\"yoast-schema-graph\">{\"@context\":\"https:\/\/schema.org\",\"@graph\":[{\"@type\":\"WebPage\",\"@id\":\"https:\/\/transeuropa-festival.de\/2021\/workshop-social-period\/\",\"url\":\"https:\/\/transeuropa-festival.de\/2021\/workshop-social-period\/\",\"name\":\"WORKSHOP: Social Period &#187; transeuropa [X]\",\"isPartOf\":{\"@id\":\"https:\/\/transeuropa-festival.de\/2021\/#website\"},\"datePublished\":\"2021-04-06T14:43:15+00:00\",\"dateModified\":\"2021-05-22T08:19:57+00:00\",\"description\":\"WORKSHOP: Social Period\",\"breadcrumb\":{\"@id\":\"https:\/\/transeuropa-festival.de\/2021\/workshop-social-period\/#breadcrumb\"},\"inLanguage\":\"de\",\"potentialAction\":[{\"@type\":\"ReadAction\",\"target\":[\"https:\/\/transeuropa-festival.de\/2021\/workshop-social-period\/\"]}]},{\"@type\":\"BreadcrumbList\",\"@id\":\"https:\/\/transeuropa-festival.de\/2021\/workshop-social-period\/#breadcrumb\",\"itemListElement\":[{\"@type\":\"ListItem\",\"position\":1,\"name\":\"Startseite\",\"item\":\"https:\/\/transeuropa-festival.de\/2021\/\"},{\"@type\":\"ListItem\",\"position\":2,\"name\":\"WORKSHOP: Social Period\"}]},{\"@type\":\"WebSite\",\"@id\":\"https:\/\/transeuropa-festival.de\/2021\/#website\",\"url\":\"https:\/\/transeuropa-festival.de\/2021\/\",\"name\":\"transeuropa [X]\",\"description\":\"EUROP\u00c4ISCHES FESTIVAL F\u00dcR PERFORMATIVE K\u00dcNSTE IN HILDESHEIM\",\"publisher\":{\"@id\":\"https:\/\/transeuropa-festival.de\/2021\/#organization\"},\"potentialAction\":[{\"@type\":\"SearchAction\",\"target\":{\"@type\":\"EntryPoint\",\"urlTemplate\":\"https:\/\/transeuropa-festival.de\/2021\/?s={search_term_string}\"},\"query-input\":\"required name=search_term_string\"}],\"inLanguage\":\"de\"},{\"@type\":\"Organization\",\"@id\":\"https:\/\/transeuropa-festival.de\/2021\/#organization\",\"name\":\"transeuropa e.V.\",\"url\":\"https:\/\/transeuropa-festival.de\/2021\/\",\"logo\":{\"@type\":\"ImageObject\",\"inLanguage\":\"de\",\"@id\":\"https:\/\/transeuropa-festival.de\/2021\/#\/schema\/logo\/image\/\",\"url\":\"http:\/\/transeuropa-festival.de\/2021\/wp-content\/uploads\/2020\/07\/logo-sw-2zeilig-PNG.png\",\"contentUrl\":\"http:\/\/transeuropa-festival.de\/2021\/wp-content\/uploads\/2020\/07\/logo-sw-2zeilig-PNG.png\",\"width\":1361,\"height\":527,\"caption\":\"transeuropa e.V.\"},\"image\":{\"@id\":\"https:\/\/transeuropa-festival.de\/2021\/#\/schema\/logo\/image\/\"},\"sameAs\":[\"https:\/\/www.facebook.com\/transeuropahildesheim\/\"]}]}<\/script>\n<!-- \/ Yoast SEO plugin. -->","yoast_head_json":{"title":"WORKSHOP: Social Period &#187; transeuropa [X]","description":"WORKSHOP: Social Period","robots":{"index":"index","follow":"follow","max-snippet":"max-snippet:-1","max-image-preview":"max-image-preview:large","max-video-preview":"max-video-preview:-1"},"canonical":"https:\/\/transeuropa-festival.de\/2021\/workshop-social-period\/","og_locale":"de_DE","og_type":"article","og_title":"WORKSHOP: Social Period &#187; transeuropa [X]","og_description":"WORKSHOP: Social Period","og_url":"https:\/\/transeuropa-festival.de\/2021\/workshop-social-period\/","og_site_name":"transeuropa [X]","article_publisher":"https:\/\/www.facebook.com\/transeuropahildesheim\/","article_published_time":"2021-04-06T14:43:15+00:00","article_modified_time":"2021-05-22T08:19:57+00:00","og_image":[{"width":1280,"height":1280,"url":"https:\/\/transeuropa-festival.de\/2021\/wp-content\/uploads\/2021\/05\/xtra-thumbnail_c.jpg","type":"image\/jpeg"}],"author":"337136-design","twitter_card":"summary_large_image","twitter_misc":{"Verfasst von":"337136-design"},"schema":{"@context":"https:\/\/schema.org","@graph":[{"@type":"WebPage","@id":"https:\/\/transeuropa-festival.de\/2021\/workshop-social-period\/","url":"https:\/\/transeuropa-festival.de\/2021\/workshop-social-period\/","name":"WORKSHOP: Social Period &#187; transeuropa [X]","isPartOf":{"@id":"https:\/\/transeuropa-festival.de\/2021\/#website"},"datePublished":"2021-04-06T14:43:15+00:00","dateModified":"2021-05-22T08:19:57+00:00","description":"WORKSHOP: Social Period","breadcrumb":{"@id":"https:\/\/transeuropa-festival.de\/2021\/workshop-social-period\/#breadcrumb"},"inLanguage":"de","potentialAction":[{"@type":"ReadAction","target":["https:\/\/transeuropa-festival.de\/2021\/workshop-social-period\/"]}]},{"@type":"BreadcrumbList","@id":"https:\/\/transeuropa-festival.de\/2021\/workshop-social-period\/#breadcrumb","itemListElement":[{"@type":"ListItem","position":1,"name":"Startseite","item":"https:\/\/transeuropa-festival.de\/2021\/"},{"@type":"ListItem","position":2,"name":"WORKSHOP: Social Period"}]},{"@type":"WebSite","@id":"https:\/\/transeuropa-festival.de\/2021\/#website","url":"https:\/\/transeuropa-festival.de\/2021\/","name":"transeuropa [X]","description":"EUROP\u00c4ISCHES FESTIVAL F\u00dcR PERFORMATIVE K\u00dcNSTE IN HILDESHEIM","publisher":{"@id":"https:\/\/transeuropa-festival.de\/2021\/#organization"},"potentialAction":[{"@type":"SearchAction","target":{"@type":"EntryPoint","urlTemplate":"https:\/\/transeuropa-festival.de\/2021\/?s={search_term_string}"},"query-input":"required name=search_term_string"}],"inLanguage":"de"},{"@type":"Organization","@id":"https:\/\/transeuropa-festival.de\/2021\/#organization","name":"transeuropa e.V.","url":"https:\/\/transeuropa-festival.de\/2021\/","logo":{"@type":"ImageObject","inLanguage":"de","@id":"https:\/\/transeuropa-festival.de\/2021\/#\/schema\/logo\/image\/","url":"http:\/\/transeuropa-festival.de\/2021\/wp-content\/uploads\/2020\/07\/logo-sw-2zeilig-PNG.png","contentUrl":"http:\/\/transeuropa-festival.de\/2021\/wp-content\/uploads\/2020\/07\/logo-sw-2zeilig-PNG.png","width":1361,"height":527,"caption":"transeuropa e.V."},"image":{"@id":"https:\/\/transeuropa-festival.de\/2021\/#\/schema\/logo\/image\/"},"sameAs":["https:\/\/www.facebook.com\/transeuropahildesheim\/"]}]}},"grid":"{\r\n  \"colCount\": 12,\r\n  \"colGutter\": 1,\r\n  \"rowGutters\": [\r\n    3,\r\n    3,\r\n    1,\r\n    3,\r\n    3,\r\n    1,\r\n    3\r\n  ],\r\n  \"frameMargin\": 4,\r\n  \"topFrameMargin\": 10,\r\n  \"bottomFrameMargin\": 5,\r\n  \"rowAttrs\": [\r\n    {\r\n      \"bgcolor\": \"#ffffff\"\r\n    },\r\n    {},\r\n    {},\r\n    {},\r\n    {},\r\n    {},\r\n    {},\r\n    {}\r\n  ],\r\n  \"bgColor\": null,\r\n  \"cont\": [\r\n    {\r\n      \"type\": \"text\",\r\n      \"cont\": \"<p class=\\\"_Bigsupertite_Adieu\\\" style=\\\"text-align: left;\\\"><span style=\\\"font-weight: 400;\\\">WORKSHOP:<br \/>Social Period<\/span><\/p>\",\r\n      \"align\": \"middle\",\r\n      \"row\": 0,\r\n      \"col\": 2,\r\n      \"colspan\": 8,\r\n      \"offsetx\": 0,\r\n      \"offsety\": 0,\r\n      \"spaceabove\": 5,\r\n      \"spacebelow\": 3,\r\n      \"yvel\": 1,\r\n      \"push\": 2,\r\n      \"relid\": 723,\r\n      \"frameOverflow\": \"\"\r\n    },\r\n    {\r\n      \"type\": \"text\",\r\n      \"cont\": \"<p><span style=\\\"font-weight: 400;\\\">Als 2017 die Comic-Zeichnung von Liv Str\u00f6mquist, welche eine Eiskunstl\u00e4uferin mit Blutfleck zwischen den Beinen zeigt, in den Stockholmer U-Bahnen hing, war die Emp\u00f6rung nicht mehr aufzuhalten. Die Periode ist ein gesellschaftlich tabuisiertes Thema. Doch was ist, wenn Du dir Periodenprodukte aufgrund deiner finanziellen Lage nicht leisten kannst?<\/span><\/p><p><span style=\\\"font-weight: 400;\\\">In dem Workshop f\u00fchrt die Initiative \u201eSocial Period e.V.\u201c an die Thematik der Periodenarmut heran und geht in diesem Rahmen besonders auf Wohnungs- und Obdachlosigkeit ein. Dar\u00fcber hinaus kommen die Tabuisierung und Stigmatisierung der Periode in unterschiedlichen Kontexten zur Sprache - und wie gerade diese dazu beitragen, den Zugang zu Menstruationshygiene zu erschweren.<\/span><\/p><p><span style=\\\"font-weight: 400;\\\">Social Period ist eine Berliner Initiative, die sich f\u00fcr die Enttabuisierung der Menstruation und gegen Periodenarmut engagiert. Ihre VISION f\u00fcr ein gleichberechtigten Zugang zu essentiellen Produkten stellen sie im Rahmen von transeuropa [X] vor \u2013 au\u00dferdem gibt es die M\u00f6glichkeit auf Folgendem Konto eine Spende abzugeben: <\/span><span style=\\\"font-weight: 400;\\\"><br \/><\/span><\/p><p><span style=\\\"font-weight: 400;\\\">Social Period e.V.<\/span><\/p><p><span style=\\\"font-weight: 400;\\\">IBAN: DE79 8306 5408 0004 2031 86<\/span><\/p><p><span style=\\\"font-weight: 400;\\\">BIC: GENODEFF120<\/span><\/p><p><br \/><span style=\\\"font-weight: 400;\\\">Daneben k\u00f6nnt ihr <a href=\\\"https:\/\/www.change.org\/p\/periodenarmut-freier-zugang-zu-menstruationsprodukten-in-\u00f6ffentlichen-einrichtungen-bmfsfj\\\" target=\\\"_blank\\\" rel=\\\"noopener\\\"><strong>diese Petition<\/strong><\/a> unterschreiben, die sich zur Aufgabe macht, freien Zugang zu Periodenprodukten in \u00f6ffentlichen Einrichtungen zu erlangen.<\/span><\/p>\",\r\n      \"align\": \"middle\",\r\n      \"row\": 1,\r\n      \"col\": 2,\r\n      \"colspan\": 8,\r\n      \"offsetx\": 0,\r\n      \"offsety\": 0,\r\n      \"spaceabove\": 0,\r\n      \"spacebelow\": 0,\r\n      \"yvel\": 1,\r\n      \"push\": 2,\r\n      \"relid\": 3574\r\n    },\r\n    {\r\n      \"type\": \"hr\",\r\n      \"cont\": \"\",\r\n      \"align\": \"top\",\r\n      \"row\": 2,\r\n      \"col\": 2,\r\n      \"colspan\": 8,\r\n      \"offsetx\": 0,\r\n      \"offsety\": 0,\r\n      \"spaceabove\": 0,\r\n      \"spacebelow\": 0,\r\n      \"yvel\": 1,\r\n      \"push\": 2,\r\n      \"relid\": 23,\r\n      \"frameOverflow\": \"\"\r\n    },\r\n    {\r\n      \"type\": \"text\",\r\n      \"cont\": \"<p class=\\\"_Default\\\"><span style=\\\"font-weight: 400;\\\">Workshop\u00a0<\/span><\/p><p class=\\\"_Default\\\"><strong>30.05. <\/strong><span style=\\\"font-weight: 400;\\\"><br \/><\/span><span style=\\\"font-weight: 400;\\\">14 Uhr<\/span><\/p><p class=\\\"_Default\\\"><span style=\\\"font-weight: 400;\\\">Deutsch \/ German <\/span><\/p>\",\r\n      \"align\": \"middle\",\r\n      \"row\": 3,\r\n      \"col\": 2,\r\n      \"colspan\": 3,\r\n      \"offsetx\": 0,\r\n      \"offsety\": 0,\r\n      \"spaceabove\": 0,\r\n      \"spacebelow\": 0,\r\n      \"yvel\": 1,\r\n      \"push\": 2,\r\n      \"relid\": 28,\r\n      \"frameOverflow\": \"\"\r\n    },\r\n    {\r\n      \"type\": \"text\",\r\n      \"cont\": \"<p><span style=\\\"font-weight: 400;\\\">Anmeldung bitte bis <strong>28.05.<\/strong> an <\/span><a href=\\\"mailto:b.ziegler@transeuropa-festival.de\\\"><span style=\\\"font-weight: 400;\\\">b.ziegler@transeuropa-festival.de<\/span><\/a><\/p><p><span style=\\\"font-weight: 400;\\\">Unter allen Anmeldungen wird gelost<\/span><\/p><p><span style=\\\"font-weight: 400;\\\">max. Teilnehmer*innenzahl 15 <\/span><\/p>\",\r\n      \"align\": \"middle\",\r\n      \"row\": 3,\r\n      \"col\": 5,\r\n      \"colspan\": 5,\r\n      \"offsetx\": 0,\r\n      \"offsety\": 0,\r\n      \"spaceabove\": 0,\r\n      \"spacebelow\": 0,\r\n      \"yvel\": 1,\r\n      \"push\": 0,\r\n      \"relid\": 26,\r\n      \"frameOverflow\": \"\"\r\n    },\r\n    {\r\n      \"type\": \"text\",\r\n      \"cont\": \"<p>Wenn ihr an dem Workshop teilnehmt, w\u00fcrden wir uns \u00fcber eine Spende an Social Period e. V. freuen.<\/p>\",\r\n      \"align\": \"top\",\r\n      \"row\": 4,\r\n      \"col\": 2,\r\n      \"colspan\": 8,\r\n      \"offsetx\": 0,\r\n      \"offsety\": 0,\r\n      \"spaceabove\": 0,\r\n      \"spacebelow\": 0,\r\n      \"yvel\": 1,\r\n      \"push\": 2,\r\n      \"relid\": 25,\r\n      \"frameOverflow\": \"\"\r\n    },\r\n    {\r\n      \"type\": \"hr\",\r\n      \"cont\": \"\",\r\n      \"align\": \"top\",\r\n      \"row\": 5,\r\n      \"col\": 2,\r\n      \"colspan\": 8,\r\n      \"offsetx\": 0,\r\n      \"offsety\": 0,\r\n      \"spaceabove\": 0,\r\n      \"spacebelow\": 0,\r\n      \"yvel\": 1,\r\n      \"push\": 2,\r\n      \"relid\": 2028,\r\n      \"frameOverflow\": \"\"\r\n    },\r\n    {\r\n      \"type\": \"img\",\r\n      \"cont\": \"\/wp-content\/uploads\/2021\/05\/SocialPeriodLogo.png\",\r\n      \"align\": \"top\",\r\n      \"row\": 6,\r\n      \"col\": 2,\r\n      \"colspan\": 2,\r\n      \"offsetx\": 0,\r\n      \"offsety\": 0,\r\n      \"spaceabove\": 0,\r\n      \"spacebelow\": 0,\r\n      \"yvel\": 1,\r\n      \"push\": 2,\r\n      \"relid\": 2027,\r\n      \"attid\": 1611,\r\n      \"sizes\": {\r\n        \"full\": \"\/wp-content\/uploads\/2021\/05\/SocialPeriodLogo.png\",\r\n        \"_768\": \"\/wp-content\/uploads\/2021\/05\/SocialPeriodLogo-768x467.png\",\r\n        \"_512\": \"\/wp-content\/uploads\/2021\/05\/SocialPeriodLogo-512x312.png\",\r\n        \"_265\": \"\/wp-content\/uploads\/2021\/05\/SocialPeriodLogo-265x161.png\"\r\n      },\r\n      \"w\": 950,\r\n      \"h\": 578,\r\n      \"ar\": 0.608421052631579,\r\n      \"alt\": \"\",\r\n      \"frameOverflow\": \"\",\r\n      \"imagelink\": {\r\n        \"url\": \"https:\/\/www.socialperiod.org\/\",\r\n        \"id\": 0,\r\n        \"type\": \"\",\r\n        \"newtab\": true,\r\n        \"title\": \"\",\r\n        \"hoverimageid\": null,\r\n        \"hoverimagesmallsrc\": \"\"\r\n      }\r\n    }\r\n  ]\r\n}","phonegrid":"{\r\n  \"colCount\": 3,\r\n  \"colGutter\": 1,\r\n  \"rowGutters\": [\r\n    5,\r\n    5,\r\n    5,\r\n    5,\r\n    5\r\n  ],\r\n  \"frameMargin\": 5,\r\n  \"topFrameMargin\": 5,\r\n  \"bottomFrameMargin\": 5,\r\n  \"rowAttrs\": [\r\n    {},\r\n    {},\r\n    {},\r\n    {},\r\n    {},\r\n    {}\r\n  ],\r\n  \"bgColor\": null,\r\n  \"cont\": [\r\n    {\r\n      \"type\": \"text\",\r\n      \"cont\": \"<p class=\\\"_Bigsupertite_Adieu\\\" style=\\\"text-align: left;\\\"><span style=\\\"font-weight: 400;\\\">WORKSHOP:<br \/>Social Period<\/span><\/p>\",\r\n      \"align\": \"bottom\",\r\n      \"row\": 0,\r\n      \"col\": 0,\r\n      \"colspan\": 3,\r\n      \"offsetx\": 0,\r\n      \"offsety\": 0,\r\n      \"spaceabove\": 5,\r\n      \"spacebelow\": 3,\r\n      \"yvel\": 1,\r\n      \"push\": 0,\r\n      \"relid\": 723,\r\n      \"frameOverflow\": \"\"\r\n    },\r\n    {\r\n      \"type\": \"text\",\r\n      \"cont\": \"<p><span style=\\\"font-weight: 400;\\\">Als 2017 die Comic-Zeichnung von Liv Str\u00f6mquist, welche eine Eiskunstl\u00e4uferin mit Blutfleck zwischen den Beinen zeigt, in den Stockholmer U-Bahnen hing, war die Emp\u00f6rung nicht mehr aufzuhalten. Die Periode ist ein gesellschaftlich tabuisiertes Thema. Doch was ist, wenn Du dir Periodenprodukte aufgrund deiner finanziellen Lage nicht leisten kannst?<\/span><\/p><p><span style=\\\"font-weight: 400;\\\">In dem Workshop f\u00fchrt die Initiative \u201eSocial Period e.V.\u201c an die Thematik der Periodenarmut heran und geht in diesem Rahmen besonders auf Wohnungs- und Obdachlosigkeit ein. Dar\u00fcber hinaus kommen die Tabuisierung und Stigmatisierung der Periode in unterschiedlichen Kontexten zur Sprache - und wie gerade diese dazu beitragen, den Zugang zu Menstruationshygiene zu erschweren.<\/span><\/p><p><span style=\\\"font-weight: 400;\\\">Social Period ist eine Berliner Initiative, die sich f\u00fcr die Enttabuisierung der Menstruation und gegen Periodenarmut engagiert. Ihre VISION f\u00fcr ein gleichberechtigten Zugang zu essentiellen Produkten stellen sie im Rahmen von transeuropa [X] vor \u2013 au\u00dferdem gibt es die M\u00f6glichkeit auf Folgendem Konto eine Spende abzugeben: <\/span><span style=\\\"font-weight: 400;\\\"><br \/><\/span><\/p><p><span style=\\\"font-weight: 400;\\\">Social Period e.V.<\/span><\/p><p><span style=\\\"font-weight: 400;\\\">IBAN: DE79 8306 5408 0004 2031 86<\/span><\/p><p><span style=\\\"font-weight: 400;\\\">BIC: GENODEFF120<\/span><\/p><p><br \/><span style=\\\"font-weight: 400;\\\">Daneben k\u00f6nnt ihr <a href=\\\"https:\/\/www.change.org\/p\/periodenarmut-freier-zugang-zu-menstruationsprodukten-in-\u00f6ffentlichen-einrichtungen-bmfsfj\\\" target=\\\"_blank\\\" rel=\\\"noopener\\\"><strong>diese Petition<\/strong><\/a> unterschreiben, die sich zur Aufgabe macht, freien Zugang zu Periodenprodukten in \u00f6ffentlichen Einrichtungen zu erlangen.<\/span><\/p>\",\r\n      \"align\": \"bottom\",\r\n      \"row\": 1,\r\n      \"col\": 0,\r\n      \"colspan\": 3,\r\n      \"offsetx\": 0,\r\n      \"offsety\": 0,\r\n      \"spaceabove\": 0,\r\n      \"spacebelow\": 0,\r\n      \"yvel\": 1,\r\n      \"push\": 0,\r\n      \"relid\": 3574\r\n    },\r\n    {\r\n      \"type\": \"hr\",\r\n      \"cont\": \"\",\r\n      \"align\": \"top\",\r\n      \"row\": 2,\r\n      \"col\": 0,\r\n      \"colspan\": 3,\r\n      \"offsetx\": 0,\r\n      \"offsety\": 0,\r\n      \"spaceabove\": 0,\r\n      \"spacebelow\": 0,\r\n      \"yvel\": 1,\r\n      \"push\": 0,\r\n      \"relid\": 24\r\n    },\r\n    {\r\n      \"type\": \"text\",\r\n      \"cont\": \"<p class=\\\"_Default\\\"><span style=\\\"font-weight: 400;\\\">Workshop\u00a0<\/span><\/p><p class=\\\"_Default\\\"><strong>30.05. <\/strong><span style=\\\"font-weight: 400;\\\"><br \/><\/span><span style=\\\"font-weight: 400;\\\">14 Uhr<\/span><\/p><p class=\\\"_Default\\\"><span style=\\\"font-weight: 400;\\\">Deutsch \/ German <\/span><\/p>\",\r\n      \"align\": \"top\",\r\n      \"row\": 3,\r\n      \"col\": 0,\r\n      \"colspan\": 1,\r\n      \"offsetx\": 0,\r\n      \"offsety\": 0,\r\n      \"spaceabove\": 0,\r\n      \"spacebelow\": 0,\r\n      \"yvel\": 1,\r\n      \"push\": 0,\r\n      \"relid\": 28\r\n    },\r\n    {\r\n      \"type\": \"text\",\r\n      \"cont\": \"<p><span style=\\\"font-weight: 400;\\\">Anmeldung bitte bis <strong>28.05.<\/strong> an <\/span><a href=\\\"mailto:b.ziegler@transeuropa-festival.de\\\"><span style=\\\"font-weight: 400;\\\">b.ziegler@transeuropa-festival.de<\/span><\/a><\/p><p><span style=\\\"font-weight: 400;\\\">Unter allen Anmeldungen wird gelost<\/span><\/p><p><span style=\\\"font-weight: 400;\\\">max. Teilnehmer*innenzahl 15 <\/span><\/p>\",\r\n      \"align\": \"bottom\",\r\n      \"row\": 3,\r\n      \"col\": 1,\r\n      \"colspan\": 2,\r\n      \"offsetx\": 0,\r\n      \"offsety\": 0,\r\n      \"spaceabove\": 0,\r\n      \"spacebelow\": 0,\r\n      \"yvel\": 1,\r\n      \"push\": 0,\r\n      \"relid\": 26,\r\n      \"frameOverflow\": \"\"\r\n    },\r\n    {\r\n      \"type\": \"hr\",\r\n      \"cont\": \"\",\r\n      \"align\": \"middle\",\r\n      \"row\": 4,\r\n      \"col\": 0,\r\n      \"colspan\": 3,\r\n      \"offsetx\": 0,\r\n      \"offsety\": 0,\r\n      \"spaceabove\": 0,\r\n      \"spacebelow\": 0,\r\n      \"yvel\": 1,\r\n      \"push\": 0,\r\n      \"relid\": 2028,\r\n      \"frameOverflow\": \"\"\r\n    },\r\n    {\r\n      \"type\": \"img\",\r\n      \"cont\": \"\/wp-content\/uploads\/2021\/05\/SocialPeriodLogo.png\",\r\n      \"align\": \"top\",\r\n      \"row\": 5,\r\n      \"col\": 0,\r\n      \"colspan\": 2,\r\n      \"offsetx\": 0,\r\n      \"offsety\": 0,\r\n      \"spaceabove\": 0,\r\n      \"spacebelow\": 0,\r\n      \"yvel\": 1,\r\n      \"push\": 0,\r\n      \"relid\": 2027,\r\n      \"attid\": 1611,\r\n      \"sizes\": {\r\n        \"full\": \"\/wp-content\/uploads\/2021\/05\/SocialPeriodLogo.png\",\r\n        \"_768\": \"\/wp-content\/uploads\/2021\/05\/SocialPeriodLogo-768x467.png\",\r\n        \"_512\": \"\/wp-content\/uploads\/2021\/05\/SocialPeriodLogo-512x312.png\",\r\n        \"_265\": \"\/wp-content\/uploads\/2021\/05\/SocialPeriodLogo-265x161.png\"\r\n      },\r\n      \"w\": 950,\r\n      \"h\": 578,\r\n      \"ar\": 0.608421052631579,\r\n      \"alt\": \"\",\r\n      \"frameOverflow\": \"\",\r\n      \"imagelink\": {\r\n        \"url\": \"https:\/\/www.socialperiod.org\/\",\r\n        \"id\": null,\r\n        \"type\": \"\",\r\n        \"newtab\": true,\r\n        \"title\": \"\",\r\n        \"hoverimageid\": null,\r\n        \"hoverimagesmallsrc\": \"\"\r\n      }\r\n    }\r\n  ]\r\n}","_links":{"self":[{"href":"https:\/\/transeuropa-festival.de\/2021\/wp-json\/wp\/v2\/posts\/1609"}],"collection":[{"href":"https:\/\/transeuropa-festival.de\/2021\/wp-json\/wp\/v2\/posts"}],"about":[{"href":"https:\/\/transeuropa-festival.de\/2021\/wp-json\/wp\/v2\/types\/post"}],"author":[{"embeddable":true,"href":"https:\/\/transeuropa-festival.de\/2021\/wp-json\/wp\/v2\/users\/1"}],"replies":[{"embeddable":true,"href":"https:\/\/transeuropa-festival.de\/2021\/wp-json\/wp\/v2\/comments?post=1609"}],"version-history":[{"count":0,"href":"https:\/\/transeuropa-festival.de\/2021\/wp-json\/wp\/v2\/posts\/1609\/revisions"}],"wp:featuredmedia":[{"embeddable":true,"href":"https:\/\/transeuropa-festival.de\/2021\/wp-json\/wp\/v2\/media\/1466"}],"wp:attachment":[{"href":"https:\/\/transeuropa-festival.de\/2021\/wp-json\/wp\/v2\/media?parent=1609"}],"wp:term":[{"taxonomy":"category","embeddable":true,"href":"https:\/\/transeuropa-festival.de\/2021\/wp-json\/wp\/v2\/categories?post=1609"},{"taxonomy":"post_tag","embeddable":true,"href":"https:\/\/transeuropa-festival.de\/2021\/wp-json\/wp\/v2\/tags?post=1609"}],"curies":[{"name":"wp","href":"https:\/\/api.w.org\/{rel}","templated":true}]}}